{"id":81,"date":"2008-09-29T21:45:00","date_gmt":"2008-09-29T19:45:00","guid":{"rendered":"http:\/\/www.borayildiz.com\/2008\/09\/29\/6-ay-bedava-internet-kullanma-imkani\/"},"modified":"2008-09-29T21:45:00","modified_gmt":"2008-09-29T19:45:00","slug":"6-ay-bedava-internet-kullanma-imkani","status":"publish","type":"post","link":"https:\/\/www.borayildiz.com\/blog\/6-ay-bedava-internet-kullanma-imkani.html","title":{"rendered":"6 ay bedava internet kullanma imkan\u0131"},"content":{"rendered":"<p>TurkNet, CeBIT&#8217;teki stand\u0131n\u0131 ziyaret edenlere 6 ay bedava internet abonelik paketi sunaca\u011f\u0131n\u0131 duyurdu.<\/p>\n<div>\n<p>TurkNet&#8217;ten yap\u0131lan a\u00e7\u0131klamada, TurkNet&#8217;in 6 ay bedava internet paketinin yan\u0131nda pek \u00e7ok hizmetinde de CeBIT&#8217;e \u00f6zel indirimler olaca\u011f\u0131 kaydedildi.<\/p>\n<p>TurkNet, CeBIT&#8217;teki stand\u0131n\u0131 ziyaret edenlere sunaca\u011f\u0131 bu kampanyas\u0131n\u0131 7-12 Ekim tarihlerinde d\u00fczenlenecek CeBIT Bili\u015fim Eurasia Fuar\u0131&#8217;nda tan\u0131tacak. Bu dev kampanyadan yararlanmak ve TurkNet&#8217;in hizmetlerini yak\u0131ndan tan\u0131mak isteyenler TurkNet stand\u0131 ziyaret edebilecekler.<\/p>\n<p>ADSL kampanyas\u0131n\u0131n yan\u0131 s\u0131ra kullan\u0131c\u0131lar\u0131n, TurkNet stand\u0131ndaki deneme noktalar\u0131ndan &#8221;Ev ve \u0130\u015ften Ucuz Arama Hizmeti 1095&#8221;i \u00fccretsiz olarak kullanma imkan\u0131 bulacaklar\u0131 kaydedilen a\u00e7\u0131klamada, TurkNet&#8217;in fuarda, kurumsal hizmetleri \u00e7er\u00e7evesinde veri ve ses hizmetleri i\u00e7in haz\u0131rlad\u0131\u011f\u0131 hizmet paketleri ve kampanyalar\u0131n\u0131 da kullan\u0131ma sunaca\u011f\u0131 belirtildi.<\/p>\n<p>TurkNet stand\u0131n\u0131 ziyaret edenler, A Tipi Telefon Aboneli\u011fi i\u00e7in bedava 1.000 dakika kazanacak, G.SHDSL internet ba\u011flant\u0131s\u0131na 2 ay s\u00fcreyle \u00fccretsiz sahip olabilecekler.<\/p>\n<p>TurkNet Genel M\u00fcd\u00fcr\u00fc Cem \u00c7elebiler, kampanyay\u0131 ve CeBIT;i \u015f\u00f6yle de\u011ferlendirirken, CeBIT fuar\u0131n\u0131n, sekt\u00f6r i\u00e7in \u00f6nemli bir bulu\u015fma noktas\u0131 oldu\u011funu, bu fuara kat\u0131larak m\u00fc\u015fteri ve kullan\u0131c\u0131larla tan\u0131\u015fma imkan\u0131 bulmay\u0131 ve hizmetlerini anlatabilmeyi hedeflediklerini belirtti.<\/p>\n<p>1996 y\u0131l\u0131nda kurulan T\u00fcrkiye&#8217;nin yeni nesil telekom operat\u00f6rlerinden Netone Telekom, \u015eubat 2008&#8217;de ger\u00e7ekle\u015ftirdi\u011fi TurkNet&#8217;in al\u0131m\u0131n\u0131 takiben, Eyl\u00fcl 2008&#8217;den itibaren faaliyetlerini TurkNet ad\u0131 alt\u0131nda s\u00fcrd\u00fcr\u00fcyor.<\/p>\n<p>Kaynak: Haber 7<\/p>\n<\/p>\n<\/div>\n","protected":false},"excerpt":{"rendered":"<p>TurkNet, CeBIT&#8217;teki stand\u0131n\u0131 ziyaret edenlere 6 ay bedava internet abonelik paketi sunaca\u011f\u0131n\u0131 duyurdu. TurkNet&#8217;ten yap\u0131lan a\u00e7\u0131klamada, TurkNet&#8217;in 6 ay bedava internet paketinin yan\u0131nda pek \u00e7ok hizmetinde de CeBIT&#8217;e \u00f6zel indirimler olaca\u011f\u0131 kaydedildi. TurkNet, CeBIT&#8217;teki stand\u0131n\u0131 ziyaret edenlere sunaca\u011f\u0131 bu kampanyas\u0131n\u0131 7-12 Ekim tarihlerinde d\u00fczenlenecek CeBIT Bili\u015fim Eurasia Fuar\u0131&#8217;nda tan\u0131tacak. Bu dev kampanyadan yararlanmak ve TurkNet&#8217;in [&hellip;]<\/p>\n","protected":false},"author":1,"featured_media":0,"comment_status":"open","ping_status":"open","sticky":false,"template":"","format":"standard","meta":{"_en_post_content":"","_en_post_name":"","_en_post_excerpt":"","_en_post_title":"","_tr_post_content":"<p>TurkNet, CeBIT'teki stand\u0131n\u0131 ziyaret edenlere 6 ay bedava internet abonelik paketi sunaca\u011f\u0131n\u0131 duyurdu.<\/p>\n<div>\n<p>TurkNet'ten yap\u0131lan a\u00e7\u0131klamada, TurkNet'in 6 ay bedava internet paketinin yan\u0131nda pek \u00e7ok hizmetinde de CeBIT'e \u00f6zel indirimler olaca\u011f\u0131 kaydedildi.<\/p>\n<p>TurkNet, CeBIT'teki stand\u0131n\u0131 ziyaret edenlere sunaca\u011f\u0131 bu kampanyas\u0131n\u0131 7-12 Ekim tarihlerinde d\u00fczenlenecek CeBIT Bili\u015fim Eurasia Fuar\u0131'nda tan\u0131tacak. Bu dev kampanyadan yararlanmak ve TurkNet'in hizmetlerini yak\u0131ndan tan\u0131mak isteyenler TurkNet stand\u0131 ziyaret edebilecekler.<\/p>\n<p>ADSL kampanyas\u0131n\u0131n yan\u0131 s\u0131ra kullan\u0131c\u0131lar\u0131n, TurkNet stand\u0131ndaki deneme noktalar\u0131ndan ''Ev ve \u0130\u015ften Ucuz Arama Hizmeti 1095''i \u00fccretsiz olarak kullanma imkan\u0131 bulacaklar\u0131 kaydedilen a\u00e7\u0131klamada, TurkNet'in fuarda, kurumsal hizmetleri \u00e7er\u00e7evesinde veri ve ses hizmetleri i\u00e7in haz\u0131rlad\u0131\u011f\u0131 hizmet paketleri ve kampanyalar\u0131n\u0131 da kullan\u0131ma sunaca\u011f\u0131 belirtildi.<\/p>\n<p>TurkNet stand\u0131n\u0131 ziyaret edenler, A Tipi Telefon Aboneli\u011fi i\u00e7in bedava 1.000 dakika kazanacak, G.SHDSL internet ba\u011flant\u0131s\u0131na 2 ay s\u00fcreyle \u00fccretsiz sahip olabilecekler.<\/p>\n<p>TurkNet Genel M\u00fcd\u00fcr\u00fc Cem \u00c7elebiler, kampanyay\u0131 ve CeBIT;i \u015f\u00f6yle de\u011ferlendirirken, CeBIT fuar\u0131n\u0131n, sekt\u00f6r i\u00e7in \u00f6nemli bir bulu\u015fma noktas\u0131 oldu\u011funu, bu fuara kat\u0131larak m\u00fc\u015fteri ve kullan\u0131c\u0131larla tan\u0131\u015fma imkan\u0131 bulmay\u0131 ve hizmetlerini anlatabilmeyi hedeflediklerini belirtti.<\/p>\n<p>1996 y\u0131l\u0131nda kurulan T\u00fcrkiye'nin yeni nesil telekom operat\u00f6rlerinden Netone Telekom, \u015eubat 2008'de ger\u00e7ekle\u015ftirdi\u011fi TurkNet'in al\u0131m\u0131n\u0131 takiben, Eyl\u00fcl 2008'den itibaren faaliyetlerini TurkNet ad\u0131 alt\u0131nda s\u00fcrd\u00fcr\u00fcyor.<\/p>\n<p>Kaynak: Haber 7<\/p>\n<\/p><\/div>","_tr_post_name":"6-ay-bedava-internet-kullanma-imkani","_tr_post_excerpt":"","_tr_post_title":"6 ay bedava internet kullanma imkan\u0131","edit_language":"tr"},"categories":[7],"tags":[],"_links":{"self":[{"href":"https:\/\/www.borayildiz.com\/blog\/wp-json\/wp\/v2\/posts\/81"}],"collection":[{"href":"https:\/\/www.borayildiz.com\/blog\/wp-json\/wp\/v2\/posts"}],"about":[{"href":"https:\/\/www.borayildiz.com\/blog\/wp-json\/wp\/v2\/types\/post"}],"author":[{"embeddable":true,"href":"https:\/\/www.borayildiz.com\/blog\/wp-json\/wp\/v2\/users\/1"}],"replies":[{"embeddable":true,"href":"https:\/\/www.borayildiz.com\/blog\/wp-json\/wp\/v2\/comments?post=81"}],"version-history":[{"count":0,"href":"https:\/\/www.borayildiz.com\/blog\/wp-json\/wp\/v2\/posts\/81\/revisions"}],"wp:attachment":[{"href":"https:\/\/www.borayildiz.com\/blog\/wp-json\/wp\/v2\/media?parent=81"}],"wp:term":[{"taxonomy":"category","embeddable":true,"href":"https:\/\/www.borayildiz.com\/blog\/wp-json\/wp\/v2\/categories?post=81"},{"taxonomy":"post_tag","embeddable":true,"href":"https:\/\/www.borayildiz.com\/blog\/wp-json\/wp\/v2\/tags?post=81"}],"curies":[{"name":"wp","href":"https:\/\/api.w.org\/{rel}","templated":true}]}}