{"id":69,"date":"2008-08-04T16:25:00","date_gmt":"2008-08-04T14:25:00","guid":{"rendered":"http:\/\/www.borayildiz.com\/?p=69"},"modified":"2008-08-04T16:25:00","modified_gmt":"2008-08-04T14:25:00","slug":"vista-da-yazilar-neden-bulanik-gorunuyor","status":"publish","type":"post","link":"https:\/\/www.borayildiz.com\/blog\/vista-da-yazilar-neden-bulanik-gorunuyor.html","title":{"rendered":"Vista&#8217; da yaz\u0131lar neden bulan\u0131k g\u00f6r\u00fcn\u00fcyor?"},"content":{"rendered":"<p style=\"TEXT-ALIGN: justify\">Windows Vista&#8217;da, LCD monit\u00f6rler i\u00e7in yaz\u0131 tiplerini yumu\u015fatarak okunmay\u0131 kolayla\u015ft\u0131ran ClearType teknolojisi varsay\u0131lan olarak a\u00e7\u0131k gelmektedir. LCD kullan\u0131c\u0131lar\u0131 i\u00e7in \u00e7ok faydal\u0131 buldu\u011fumuz bu \u00f6zellik, CRT monit\u00f6rlerde yaz\u0131lar\u0131n bulan\u0131k g\u00f6r\u00fcnmesine sebep olabilir.<\/p>\n<p>ClearType&#8217;\u0131 kapatmak veya a\u00e7mak i\u00e7in masa\u00fcst\u00fcn\u00fcze sa\u011f t\u0131klay\u0131p Ki\u015fiselle\u015ftirme&#8217;yi se\u00e7in, sonra Pencere Rengi ve G\u00f6r\u00fcn\u00fcm\u00fc&#8217;ne ve &#8220;Daha \u00e7ok renk se\u00e7ene\u011fi i\u00e7in klasik g\u00f6r\u00fcn\u00fcm \u00f6zelliklerini a\u00e7&#8217;a t\u0131klay\u0131n. Efektler d\u00fc\u011fmesine t\u0131klad\u0131ktan sonra &#8220;Ekran yaz\u0131 tipi kenarlar\u0131n\u0131 d\u00fczeltme&#8221; se\u00e7ene\u011finin i\u015faretini kald\u0131r\u0131n.<\/p>\n","protected":false},"excerpt":{"rendered":"<p>Windows Vista&#8217;da, LCD monit\u00f6rler i\u00e7in yaz\u0131 tiplerini yumu\u015fatarak okunmay\u0131 kolayla\u015ft\u0131ran ClearType teknolojisi varsay\u0131lan olarak a\u00e7\u0131k gelmektedir. LCD kullan\u0131c\u0131lar\u0131 i\u00e7in \u00e7ok faydal\u0131 buldu\u011fumuz bu \u00f6zellik, CRT monit\u00f6rlerde yaz\u0131lar\u0131n bulan\u0131k g\u00f6r\u00fcnmesine sebep olabilir. ClearType&#8217;\u0131 kapatmak veya a\u00e7mak i\u00e7in masa\u00fcst\u00fcn\u00fcze sa\u011f t\u0131klay\u0131p Ki\u015fiselle\u015ftirme&#8217;yi se\u00e7in, sonra Pencere Rengi ve G\u00f6r\u00fcn\u00fcm\u00fc&#8217;ne ve &#8220;Daha \u00e7ok renk se\u00e7ene\u011fi i\u00e7in klasik g\u00f6r\u00fcn\u00fcm \u00f6zelliklerini [&hellip;]<\/p>\n","protected":false},"author":1,"featured_media":0,"comment_status":"open","ping_status":"open","sticky":false,"template":"","format":"standard","meta":{"_en_post_content":"","_en_post_name":"","_en_post_excerpt":"","_en_post_title":"","_tr_post_content":"<p style=\"TEXT-ALIGN: justify\">Windows Vista'da, LCD monit\u00f6rler i\u00e7in yaz\u0131 tiplerini yumu\u015fatarak okunmay\u0131 kolayla\u015ft\u0131ran ClearType teknolojisi varsay\u0131lan olarak a\u00e7\u0131k gelmektedir. LCD kullan\u0131c\u0131lar\u0131 i\u00e7in \u00e7ok faydal\u0131 buldu\u011fumuz bu \u00f6zellik, CRT monit\u00f6rlerde yaz\u0131lar\u0131n bulan\u0131k g\u00f6r\u00fcnmesine sebep olabilir.<\/p>\n\nClearType'\u0131 kapatmak veya a\u00e7mak i\u00e7in masa\u00fcst\u00fcn\u00fcze sa\u011f t\u0131klay\u0131p Ki\u015fiselle\u015ftirme'yi se\u00e7in, sonra Pencere Rengi ve G\u00f6r\u00fcn\u00fcm\u00fc'ne ve \"Daha \u00e7ok renk se\u00e7ene\u011fi i\u00e7in klasik g\u00f6r\u00fcn\u00fcm \u00f6zelliklerini a\u00e7'a t\u0131klay\u0131n. Efektler d\u00fc\u011fmesine t\u0131klad\u0131ktan sonra \"Ekran yaz\u0131 tipi kenarlar\u0131n\u0131 d\u00fczeltme\" se\u00e7ene\u011finin i\u015faretini kald\u0131r\u0131n.","_tr_post_name":"vista-da-yazilar-neden-bulanik-gorunuyor","_tr_post_excerpt":"","_tr_post_title":"Vista' da yaz\u0131lar neden bulan\u0131k g\u00f6r\u00fcn\u00fcyor?","edit_language":"tr"},"categories":[13,1616],"tags":[205,248,249,278,279,300,389,396,402,405,701,702,729,730,776,868,1006,1010,1011,1464,1490,1506],"_links":{"self":[{"href":"https:\/\/www.borayildiz.com\/blog\/wp-json\/wp\/v2\/posts\/69"}],"collection":[{"href":"https:\/\/www.borayildiz.com\/blog\/wp-json\/wp\/v2\/posts"}],"about":[{"href":"https:\/\/www.borayildiz.com\/blog\/wp-json\/wp\/v2\/types\/post"}],"author":[{"embeddable":true,"href":"https:\/\/www.borayildiz.com\/blog\/wp-json\/wp\/v2\/users\/1"}],"replies":[{"embeddable":true,"href":"https:\/\/www.borayildiz.com\/blog\/wp-json\/wp\/v2\/comments?post=69"}],"version-history":[{"count":0,"href":"https:\/\/www.borayildiz.com\/blog\/wp-json\/wp\/v2\/posts\/69\/revisions"}],"wp:attachment":[{"href":"https:\/\/www.borayildiz.com\/blog\/wp-json\/wp\/v2\/media?parent=69"}],"wp:term":[{"taxonomy":"category","embeddable":true,"href":"https:\/\/www.borayildiz.com\/blog\/wp-json\/wp\/v2\/categories?post=69"},{"taxonomy":"post_tag","embeddable":true,"href":"https:\/\/www.borayildiz.com\/blog\/wp-json\/wp\/v2\/tags?post=69"}],"curies":[{"name":"wp","href":"https:\/\/api.w.org\/{rel}","templated":true}]}}