{"id":48,"date":"2008-07-11T09:54:00","date_gmt":"2008-07-11T07:54:00","guid":{"rendered":"http:\/\/www.borayildiz.com\/?p=48"},"modified":"2008-07-11T09:54:00","modified_gmt":"2008-07-11T07:54:00","slug":"dns-icin-ciddi-bir-yama-yayinlandi","status":"publish","type":"post","link":"https:\/\/www.borayildiz.com\/blog\/dns-icin-ciddi-bir-yama-yayinlandi.html","title":{"rendered":"DNS \u0130\u00e7in Ciddi Bir Yama Yay\u0131nland\u0131"},"content":{"rendered":"<p>2008&#8242; in ilk aylar\u0131nda ara\u015ft\u0131rmac\u0131 Dan Kaminsky; DNS&#8217;de, sunucular\u0131 ve kullan\u0131c\u0131lar\u0131 tehlikeye sokabilecek temel bir a\u00e7\u0131k tespit etti. Bunun \u00fczerine Kaminsky, sa\u011flay\u0131c\u0131 \u015firketlerle koordineli gizli bir \u00e7al\u0131\u015fma ba\u015flatt\u0131. \u00c7al\u0131\u015fmaya 81 sa\u011flay\u0131c\u0131 kat\u0131ld\u0131 ve yama sonunda tamamlanarak 8 Temmuzda yay\u0131nland\u0131.<\/p>\n<p>Yaman\u0131n yay\u0131nlanmas\u0131n\u0131n ard\u0131ndan konunun olduk\u00e7a ciddi oldu\u011fu ve DNS sunucular\u0131n\u0131n en k\u0131sa zamanda g\u00fcncellenmesinin gerekti\u011fi belirtildi. A\u00e7\u0131k do\u011frudan DNS protokol\u00fcyle alakal\u0131 oldu\u011fu i\u00e7in di\u011fer platformlar i\u00e7in de g\u00fcncellemeler en k\u0131sa zamanda yay\u0131nlanacak.<\/p>\n<p>Yaman\u0131n bir di\u011fer iyi \u00f6zelli\u011fi de ters m\u00fchendislik ile \u00e7\u00f6z\u00fcmlenememesi ve b\u00f6ylece a\u00e7\u0131\u011f\u0131n ne oldu\u011funun ortaya \u00e7\u0131kar\u0131lamamas\u0131.<\/p>\n","protected":false},"excerpt":{"rendered":"<p>2008&#8242; in ilk aylar\u0131nda ara\u015ft\u0131rmac\u0131 Dan Kaminsky; DNS&#8217;de, sunucular\u0131 ve kullan\u0131c\u0131lar\u0131 tehlikeye sokabilecek temel bir a\u00e7\u0131k tespit etti. Bunun \u00fczerine Kaminsky, sa\u011flay\u0131c\u0131 \u015firketlerle koordineli gizli bir \u00e7al\u0131\u015fma ba\u015flatt\u0131. \u00c7al\u0131\u015fmaya 81 sa\u011flay\u0131c\u0131 kat\u0131ld\u0131 ve yama sonunda tamamlanarak 8 Temmuzda yay\u0131nland\u0131. Yaman\u0131n yay\u0131nlanmas\u0131n\u0131n ard\u0131ndan konunun olduk\u00e7a ciddi oldu\u011fu ve DNS sunucular\u0131n\u0131n en k\u0131sa zamanda g\u00fcncellenmesinin gerekti\u011fi belirtildi. [&hellip;]<\/p>\n","protected":false},"author":1,"featured_media":0,"comment_status":"open","ping_status":"open","sticky":false,"template":"","format":"standard","meta":{"_en_post_content":"","_en_post_name":"","_en_post_excerpt":"","_en_post_title":"","_tr_post_content":"2008' in ilk aylar\u0131nda ara\u015ft\u0131rmac\u0131 Dan Kaminsky; DNS'de, sunucular\u0131 ve kullan\u0131c\u0131lar\u0131 tehlikeye sokabilecek temel bir a\u00e7\u0131k tespit etti. Bunun \u00fczerine Kaminsky, sa\u011flay\u0131c\u0131 \u015firketlerle koordineli gizli bir \u00e7al\u0131\u015fma ba\u015flatt\u0131. \u00c7al\u0131\u015fmaya 81 sa\u011flay\u0131c\u0131 kat\u0131ld\u0131 ve yama sonunda tamamlanarak 8 Temmuzda yay\u0131nland\u0131.\n\nYaman\u0131n yay\u0131nlanmas\u0131n\u0131n ard\u0131ndan konunun olduk\u00e7a ciddi oldu\u011fu ve DNS sunucular\u0131n\u0131n en k\u0131sa zamanda g\u00fcncellenmesinin gerekti\u011fi belirtildi. A\u00e7\u0131k do\u011frudan DNS protokol\u00fcyle alakal\u0131 oldu\u011fu i\u00e7in di\u011fer platformlar i\u00e7in de g\u00fcncellemeler en k\u0131sa zamanda yay\u0131nlanacak.\n\nYaman\u0131n bir di\u011fer iyi \u00f6zelli\u011fi de ters m\u00fchendislik ile \u00e7\u00f6z\u00fcmlenememesi ve b\u00f6ylece a\u00e7\u0131\u011f\u0131n ne oldu\u011funun ortaya \u00e7\u0131kar\u0131lamamas\u0131.","_tr_post_name":"dns-icin-ciddi-bir-yama-yayinlandi","_tr_post_excerpt":"","_tr_post_title":"DNS \u0130\u00e7in Ciddi Bir Yama Yay\u0131nland\u0131","edit_language":"tr"},"categories":[7],"tags":[61,301,346,347,348,349,350,351,352,353,354,355,356,361,545,546,909,1577],"_links":{"self":[{"href":"https:\/\/www.borayildiz.com\/blog\/wp-json\/wp\/v2\/posts\/48"}],"collection":[{"href":"https:\/\/www.borayildiz.com\/blog\/wp-json\/wp\/v2\/posts"}],"about":[{"href":"https:\/\/www.borayildiz.com\/blog\/wp-json\/wp\/v2\/types\/post"}],"author":[{"embeddable":true,"href":"https:\/\/www.borayildiz.com\/blog\/wp-json\/wp\/v2\/users\/1"}],"replies":[{"embeddable":true,"href":"https:\/\/www.borayildiz.com\/blog\/wp-json\/wp\/v2\/comments?post=48"}],"version-history":[{"count":0,"href":"https:\/\/www.borayildiz.com\/blog\/wp-json\/wp\/v2\/posts\/48\/revisions"}],"wp:attachment":[{"href":"https:\/\/www.borayildiz.com\/blog\/wp-json\/wp\/v2\/media?parent=48"}],"wp:term":[{"taxonomy":"category","embeddable":true,"href":"https:\/\/www.borayildiz.com\/blog\/wp-json\/wp\/v2\/categories?post=48"},{"taxonomy":"post_tag","embeddable":true,"href":"https:\/\/www.borayildiz.com\/blog\/wp-json\/wp\/v2\/tags?post=48"}],"curies":[{"name":"wp","href":"https:\/\/api.w.org\/{rel}","templated":true}]}}