{"id":39,"date":"2008-07-08T09:46:00","date_gmt":"2008-07-08T07:46:00","guid":{"rendered":"http:\/\/www.borayildiz.com\/?p=39"},"modified":"2008-07-08T09:46:00","modified_gmt":"2008-07-08T07:46:00","slug":"windows-vista-genis-pencere-kenarliklarindan-kurtulun","status":"publish","type":"post","link":"https:\/\/www.borayildiz.com\/blog\/windows-vista-genis-pencere-kenarliklarindan-kurtulun.html","title":{"rendered":"Windows Vista &#8211; Geni\u015f pencere kenarl\u0131klar\u0131ndan kurtulun"},"content":{"rendered":"<p>Vista&#8217;n\u0131n pencere kenarl\u0131klar\u0131, \u00f6zellikle pencere isminin yazd\u0131\u011f\u0131 \u00fcst kenar muhtemelen yeni \u015feffaf pencerelerin g\u00fczelli\u011fini sergilemek i\u00e7in biraz fazla kal\u0131n b\u0131rak\u0131lm\u0131\u015ft\u0131r. \u00c7\u00f6z\u00fcn\u00fcrl\u00fc\u011f\u00fcn\u00fcz d\u00fc\u015f\u00fckse ve bu kocaman kenarlar\u0131 biraz incelterek ekran\u0131n\u0131zda yer kazanmak istiyorsan\u0131z, klasik G\u00f6r\u00fcn\u00fcm Se\u00e7enekleri&#8217;ne u\u011framan\u0131z gerekecek.<br \/>\n<!--more--><br \/>\nMasa\u00fcst\u00fcn\u00fcze sa\u011f t\u0131klay\u0131p Ki\u015fiselle\u015ftirme&#8217;yi se\u00e7in, sonra Pencere Rengi ve G\u00f6r\u00fcn\u00fcm\u00fc&#8217;ne t\u0131klay\u0131n. Aero arabirimini kullan\u0131yorsan\u0131z &#8220;Daha \u00e7ok renk se\u00e7ene\u011fi i\u00e7in klasik g\u00f6r\u00fcn\u00fcm \u00f6zelliklerini a\u00e7&#8221;a t\u0131klaman\u0131z gerekir. A\u00e7\u0131lan pencerede Geli\u015fmi\u015f d\u00fc\u011fmesine t\u0131klay\u0131p a\u00e7\u0131l\u0131r men\u00fcden Kenarl\u0131k Doldurma&#8217;y\u0131 se\u00e7in. Varsay\u0131lan ayar 4&#8217;t\u00fcr. Bu ayar\u0131 1 veya 2 (hatta 0) yaparak ideal bir g\u00f6r\u00fcn\u00fcm elde edebilirsiniz.<\/p>\n","protected":false},"excerpt":{"rendered":"<p>Vista&#8217;n\u0131n pencere kenarl\u0131klar\u0131, \u00f6zellikle pencere isminin yazd\u0131\u011f\u0131 \u00fcst kenar muhtemelen yeni \u015feffaf pencerelerin g\u00fczelli\u011fini sergilemek i\u00e7in biraz fazla kal\u0131n b\u0131rak\u0131lm\u0131\u015ft\u0131r. \u00c7\u00f6z\u00fcn\u00fcrl\u00fc\u011f\u00fcn\u00fcz d\u00fc\u015f\u00fckse ve bu kocaman kenarlar\u0131 biraz incelterek ekran\u0131n\u0131zda yer kazanmak istiyorsan\u0131z, klasik G\u00f6r\u00fcn\u00fcm Se\u00e7enekleri&#8217;ne u\u011framan\u0131z gerekecek.<\/p>\n","protected":false},"author":1,"featured_media":0,"comment_status":"open","ping_status":"open","sticky":false,"template":"","format":"standard","meta":{"_en_post_content":"","_en_post_name":"","_en_post_excerpt":"","_en_post_title":"","_tr_post_content":"Vista'n\u0131n pencere kenarl\u0131klar\u0131, \u00f6zellikle pencere isminin yazd\u0131\u011f\u0131 \u00fcst kenar muhtemelen yeni \u015feffaf pencerelerin g\u00fczelli\u011fini sergilemek i\u00e7in biraz fazla kal\u0131n b\u0131rak\u0131lm\u0131\u015ft\u0131r. \u00c7\u00f6z\u00fcn\u00fcrl\u00fc\u011f\u00fcn\u00fcz d\u00fc\u015f\u00fckse ve bu kocaman kenarlar\u0131 biraz incelterek ekran\u0131n\u0131zda yer kazanmak istiyorsan\u0131z, klasik G\u00f6r\u00fcn\u00fcm Se\u00e7enekleri'ne u\u011framan\u0131z gerekecek.\n<!--more-->\nMasa\u00fcst\u00fcn\u00fcze sa\u011f t\u0131klay\u0131p Ki\u015fiselle\u015ftirme'yi se\u00e7in, sonra Pencere Rengi ve G\u00f6r\u00fcn\u00fcm\u00fc'ne t\u0131klay\u0131n. Aero arabirimini kullan\u0131yorsan\u0131z \"Daha \u00e7ok renk se\u00e7ene\u011fi i\u00e7in klasik g\u00f6r\u00fcn\u00fcm \u00f6zelliklerini a\u00e7\"a t\u0131klaman\u0131z gerekir. A\u00e7\u0131lan pencerede Geli\u015fmi\u015f d\u00fc\u011fmesine t\u0131klay\u0131p a\u00e7\u0131l\u0131r men\u00fcden Kenarl\u0131k Doldurma'y\u0131 se\u00e7in. Varsay\u0131lan ayar 4't\u00fcr. Bu ayar\u0131 1 veya 2 (hatta 0) yaparak ideal bir g\u00f6r\u00fcn\u00fcm elde edebilirsiniz.","_tr_post_name":"windows-vista-genis-pencere-kenarliklarindan-kurtulun","_tr_post_excerpt":"","_tr_post_title":"Windows Vista - Geni\u015f pencere kenarl\u0131klar\u0131ndan kurtulun","edit_language":"tr"},"categories":[13,1616],"tags":[314,492,532,595,696,700,701,702,703,1006,1007,1008,1009,1010,1011,1147,1408,1409,1430,1435,1486,1506],"_links":{"self":[{"href":"https:\/\/www.borayildiz.com\/blog\/wp-json\/wp\/v2\/posts\/39"}],"collection":[{"href":"https:\/\/www.borayildiz.com\/blog\/wp-json\/wp\/v2\/posts"}],"about":[{"href":"https:\/\/www.borayildiz.com\/blog\/wp-json\/wp\/v2\/types\/post"}],"author":[{"embeddable":true,"href":"https:\/\/www.borayildiz.com\/blog\/wp-json\/wp\/v2\/users\/1"}],"replies":[{"embeddable":true,"href":"https:\/\/www.borayildiz.com\/blog\/wp-json\/wp\/v2\/comments?post=39"}],"version-history":[{"count":0,"href":"https:\/\/www.borayildiz.com\/blog\/wp-json\/wp\/v2\/posts\/39\/revisions"}],"wp:attachment":[{"href":"https:\/\/www.borayildiz.com\/blog\/wp-json\/wp\/v2\/media?parent=39"}],"wp:term":[{"taxonomy":"category","embeddable":true,"href":"https:\/\/www.borayildiz.com\/blog\/wp-json\/wp\/v2\/categories?post=39"},{"taxonomy":"post_tag","embeddable":true,"href":"https:\/\/www.borayildiz.com\/blog\/wp-json\/wp\/v2\/tags?post=39"}],"curies":[{"name":"wp","href":"https:\/\/api.w.org\/{rel}","templated":true}]}}