{"id":160,"date":"2009-01-31T13:07:00","date_gmt":"2009-01-31T11:07:00","guid":{"rendered":"http:\/\/www.borayildiz.com\/2009\/01\/31\/ferrariden-gelecegimiz-icin-onemli-bir-adim\/"},"modified":"2009-01-31T13:07:00","modified_gmt":"2009-01-31T11:07:00","slug":"ferrariden-gelecegimiz-icin-onemli-bir-adim","status":"publish","type":"post","link":"https:\/\/www.borayildiz.com\/blog\/ferrariden-gelecegimiz-icin-onemli-bir-adim.html","title":{"rendered":"Ferrari&#8217;den gelece\u011fimiz i\u00e7in \u00f6nemli bir ad\u0131m"},"content":{"rendered":"<p>S\u0131cak otomobilleriyle tan\u0131nan Ferrari, gelece\u011fimiz i\u00e7in k\u00fc\u00e7\u00fck ama \u00f6nemli bir projeye imza att\u0131.<\/p>\n<p>S\u0131cak spor arabalar\u0131yla d\u00fcnyada hakl\u0131 bir \u00fcne sahip olan ve say\u0131l\u0131 bir kesimin edinebildi\u011fi son model ara\u00e7lar\u0131 \u00fcreten Ferrari, \u015fu s\u0131ralar \u00e7evre dostu alternatif enerji kaynaklar\u0131yla yak\u0131ndan ilgileniyor.<\/p>\n<p>Bu anlamda son haftalarda olduk\u00e7a radikal bir ilerleme kaydeden \u015firket, \u0130talya&#8217;da bulunan kendisine ait bir motor \u00fcretim fabrikas\u0131n\u0131 g\u00fcne\u015f enerji panelleriyle donatt\u0131. 1.075 adet G\u00fcne\u015f enerji panelinin fabrikaya entegre edilmesiyle birlikte y\u0131lda 213.985 kilowatt saat enerji tasarrufu yap\u0131lmas\u0131 planlan\u0131yor.<\/p>\n<p>\u00c7evre dostu olma konusunda g\u00fcne\u015f panelleriyle de s\u0131n\u0131rl\u0131 kalmak istemeyen Ferrari, ayn\u0131 fabrikan\u0131n etraf\u0131na 200 adet a\u011fa\u00e7 dikerek, 6 ay i\u00e7inde 165.000 metrekare alan\u0131 ye\u015fillendirmeyi ama\u00e7l\u0131yor.<\/p>\n<p>Asl\u0131nda Ferrari, \u00e7evre konusunda ilk defa bu tip ad\u0131mlar atm\u0131yor; zira 2001 y\u0131l\u0131nda ISO 14001 sertifikas\u0131 almaya hak kazanan \u015firket, \u00e7evreye olan bu duyarl\u0131l\u0131\u011f\u0131ndan dolay\u0131 bu sertifikaya lay\u0131k g\u00f6r\u00fclm\u00fc\u015ft\u00fc.<\/p>\n","protected":false},"excerpt":{"rendered":"<p>S\u0131cak otomobilleriyle tan\u0131nan Ferrari, gelece\u011fimiz i\u00e7in k\u00fc\u00e7\u00fck ama \u00f6nemli bir projeye imza att\u0131. S\u0131cak spor arabalar\u0131yla d\u00fcnyada hakl\u0131 bir \u00fcne sahip olan ve say\u0131l\u0131 bir kesimin edinebildi\u011fi son model ara\u00e7lar\u0131 \u00fcreten Ferrari, \u015fu s\u0131ralar \u00e7evre dostu alternatif enerji kaynaklar\u0131yla yak\u0131ndan ilgileniyor. Bu anlamda son haftalarda olduk\u00e7a radikal bir ilerleme kaydeden \u015firket, \u0130talya&#8217;da bulunan kendisine ait [&hellip;]<\/p>\n","protected":false},"author":1,"featured_media":0,"comment_status":"open","ping_status":"open","sticky":false,"template":"","format":"standard","meta":{"_en_post_content":"","_en_post_name":"","_en_post_excerpt":"","_en_post_title":"","_tr_post_content":"S\u0131cak otomobilleriyle tan\u0131nan Ferrari, gelece\u011fimiz i\u00e7in k\u00fc\u00e7\u00fck ama \u00f6nemli bir projeye imza att\u0131.\n\nS\u0131cak spor arabalar\u0131yla d\u00fcnyada hakl\u0131 bir \u00fcne sahip olan ve say\u0131l\u0131 bir kesimin edinebildi\u011fi son model ara\u00e7lar\u0131 \u00fcreten Ferrari, \u015fu s\u0131ralar \u00e7evre dostu alternatif enerji kaynaklar\u0131yla yak\u0131ndan ilgileniyor.\n\nBu anlamda son haftalarda olduk\u00e7a radikal bir ilerleme kaydeden \u015firket, \u0130talya'da bulunan kendisine ait bir motor \u00fcretim fabrikas\u0131n\u0131 g\u00fcne\u015f enerji panelleriyle donatt\u0131. 1.075 adet G\u00fcne\u015f enerji panelinin fabrikaya entegre edilmesiyle birlikte y\u0131lda 213.985 kilowatt saat enerji tasarrufu yap\u0131lmas\u0131 planlan\u0131yor.\n\n\u00c7evre dostu olma konusunda g\u00fcne\u015f panelleriyle de s\u0131n\u0131rl\u0131 kalmak istemeyen Ferrari, ayn\u0131 fabrikan\u0131n etraf\u0131na 200 adet a\u011fa\u00e7 dikerek, 6 ay i\u00e7inde 165.000 metrekare alan\u0131 ye\u015fillendirmeyi ama\u00e7l\u0131yor.\n\nAsl\u0131nda Ferrari, \u00e7evre konusunda ilk defa bu tip ad\u0131mlar atm\u0131yor; zira 2001 y\u0131l\u0131nda ISO 14001 sertifikas\u0131 almaya hak kazanan \u015firket, \u00e7evreye olan bu duyarl\u0131l\u0131\u011f\u0131ndan dolay\u0131 bu sertifikaya lay\u0131k g\u00f6r\u00fclm\u00fc\u015ft\u00fc.","_tr_post_name":"ferrariden-gelecegimiz-icin-onemli-bir-adim","_tr_post_excerpt":"","_tr_post_title":"Ferrari'den gelece\u011fimiz i\u00e7in \u00f6nemli bir ad\u0131m","edit_language":"tr"},"categories":[7],"tags":[237,238,444,547,548,663,1231],"_links":{"self":[{"href":"https:\/\/www.borayildiz.com\/blog\/wp-json\/wp\/v2\/posts\/160"}],"collection":[{"href":"https:\/\/www.borayildiz.com\/blog\/wp-json\/wp\/v2\/posts"}],"about":[{"href":"https:\/\/www.borayildiz.com\/blog\/wp-json\/wp\/v2\/types\/post"}],"author":[{"embeddable":true,"href":"https:\/\/www.borayildiz.com\/blog\/wp-json\/wp\/v2\/users\/1"}],"replies":[{"embeddable":true,"href":"https:\/\/www.borayildiz.com\/blog\/wp-json\/wp\/v2\/comments?post=160"}],"version-history":[{"count":0,"href":"https:\/\/www.borayildiz.com\/blog\/wp-json\/wp\/v2\/posts\/160\/revisions"}],"wp:attachment":[{"href":"https:\/\/www.borayildiz.com\/blog\/wp-json\/wp\/v2\/media?parent=160"}],"wp:term":[{"taxonomy":"category","embeddable":true,"href":"https:\/\/www.borayildiz.com\/blog\/wp-json\/wp\/v2\/categories?post=160"},{"taxonomy":"post_tag","embeddable":true,"href":"https:\/\/www.borayildiz.com\/blog\/wp-json\/wp\/v2\/tags?post=160"}],"curies":[{"name":"wp","href":"https:\/\/api.w.org\/{rel}","templated":true}]}}