{"id":141,"date":"2009-01-05T18:06:00","date_gmt":"2009-01-05T16:06:00","guid":{"rendered":"http:\/\/www.borayildiz.com\/2009\/01\/05\/yuzde-100-yerli-insansiz-hava-araci-karayel\/"},"modified":"2009-01-05T18:06:00","modified_gmt":"2009-01-05T16:06:00","slug":"yuzde-100-yerli-insansiz-hava-araci-karayel","status":"publish","type":"post","link":"https:\/\/www.borayildiz.com\/blog\/yuzde-100-yerli-insansiz-hava-araci-karayel.html","title":{"rendered":"Y\u00fczde 100 yerli insans\u0131z hava arac\u0131: Karayel"},"content":{"rendered":"<p>Vestel Savunma Sanayii A.\u015e&#8217;nin, y\u00fczde 100 yerli imkanlar kullanarak geli\u015ftirdi\u011fi \u0130nsans\u0131z Hava Arac\u0131 &#8220;Karayel&#8221;, performans testlerinde, NATO standartlar\u0131n\u0131n \u00fczerinde sonu\u00e7 verdi.<\/p>\n<p>Pop\u00fcler Bilim Dergisi&#8217;nin Ocak say\u0131s\u0131nda yer alacak olan habere g\u00f6re, T\u00fcrkiye&#8217;nin \u00f6zg\u00fcn gereksinimlerini kar\u015f\u0131layacak en yeni teknolojilerinin kullan\u0131ld\u0131\u011f\u0131 ve T\u00fcrkiye&#8217;nin yurtd\u0131\u015f\u0131 ba\u011f\u0131ml\u0131l\u0131\u011f\u0131n\u0131 azaltacak olan Karayel&#8217;i \u00e7al\u0131\u015ft\u0131racak yaz\u0131l\u0131mlar\u0131 da T\u00fcrk m\u00fchendisler geli\u015ftirdi.<\/p>\n<p>Her t\u00fcrl\u00fc askeri istihbarat toplama yetene\u011fine sahip olan bu modern askeri izleme-g\u00f6zleme sistemi i\u00e7inde, 4 adet insans\u0131z u\u00e7ak, 1 adet u\u00e7a\u011f\u0131 uzaktan kumanda etme, g\u00f6r\u00fcnt\u00fc alma-i\u015fleme birimi, 1 adet u\u00e7ak f\u0131rlatma platformu bulunuyor.<\/p>\n<p>10 saat kesintisiz g\u00f6zlem yapabilen sistemin b\u00fct\u00fcn mod\u00fclleri hareketli oldu\u011fundan, farkl\u0131 g\u00f6rev b\u00f6lgelerine kolayca intikal edebiliyor. Karayel&#8217;in ini\u015f tak\u0131mlar\u0131, her zaman tekerleklerin \u00fczerine inebilmesini garantilemesi nedeniyle, NATO standartlar\u0131nda \u00f6ng\u00f6r\u00fclen performans\u0131 a\u015farak, ini\u015fte kar\u015f\u0131la\u015faca\u011f\u0131 y\u00fckten \u00e7ok fazla y\u00fcklerle test edildi ve bu testleri de ba\u015far\u0131yla ge\u00e7ti.<\/p>\n","protected":false},"excerpt":{"rendered":"<p>Vestel Savunma Sanayii A.\u015e&#8217;nin, y\u00fczde 100 yerli imkanlar kullanarak geli\u015ftirdi\u011fi \u0130nsans\u0131z Hava Arac\u0131 &#8220;Karayel&#8221;, performans testlerinde, NATO standartlar\u0131n\u0131n \u00fczerinde sonu\u00e7 verdi. Pop\u00fcler Bilim Dergisi&#8217;nin Ocak say\u0131s\u0131nda yer alacak olan habere g\u00f6re, T\u00fcrkiye&#8217;nin \u00f6zg\u00fcn gereksinimlerini kar\u015f\u0131layacak en yeni teknolojilerinin kullan\u0131ld\u0131\u011f\u0131 ve T\u00fcrkiye&#8217;nin yurtd\u0131\u015f\u0131 ba\u011f\u0131ml\u0131l\u0131\u011f\u0131n\u0131 azaltacak olan Karayel&#8217;i \u00e7al\u0131\u015ft\u0131racak yaz\u0131l\u0131mlar\u0131 da T\u00fcrk m\u00fchendisler geli\u015ftirdi. Her t\u00fcrl\u00fc askeri [&hellip;]<\/p>\n","protected":false},"author":1,"featured_media":0,"comment_status":"open","ping_status":"open","sticky":false,"template":"","format":"standard","meta":{"_en_post_content":"","_en_post_name":"","_en_post_excerpt":"","_en_post_title":"","_tr_post_content":"Vestel Savunma Sanayii A.\u015e'nin, y\u00fczde 100 yerli imkanlar kullanarak geli\u015ftirdi\u011fi \u0130nsans\u0131z Hava Arac\u0131 \"Karayel\", performans testlerinde, NATO standartlar\u0131n\u0131n \u00fczerinde sonu\u00e7 verdi.\n\nPop\u00fcler Bilim Dergisi'nin Ocak say\u0131s\u0131nda yer alacak olan habere g\u00f6re, T\u00fcrkiye'nin \u00f6zg\u00fcn gereksinimlerini kar\u015f\u0131layacak en yeni teknolojilerinin kullan\u0131ld\u0131\u011f\u0131 ve T\u00fcrkiye'nin yurtd\u0131\u015f\u0131 ba\u011f\u0131ml\u0131l\u0131\u011f\u0131n\u0131 azaltacak olan Karayel'i \u00e7al\u0131\u015ft\u0131racak yaz\u0131l\u0131mlar\u0131 da T\u00fcrk m\u00fchendisler geli\u015ftirdi.\n\nHer t\u00fcrl\u00fc askeri istihbarat toplama yetene\u011fine sahip olan bu modern askeri izleme-g\u00f6zleme sistemi i\u00e7inde, 4 adet insans\u0131z u\u00e7ak, 1 adet u\u00e7a\u011f\u0131 uzaktan kumanda etme, g\u00f6r\u00fcnt\u00fc alma-i\u015fleme birimi, 1 adet u\u00e7ak f\u0131rlatma platformu bulunuyor.\n\n10 saat kesintisiz g\u00f6zlem yapabilen sistemin b\u00fct\u00fcn mod\u00fclleri hareketli oldu\u011fundan, farkl\u0131 g\u00f6rev b\u00f6lgelerine kolayca intikal edebiliyor. Karayel'in ini\u015f tak\u0131mlar\u0131, her zaman tekerleklerin \u00fczerine inebilmesini garantilemesi nedeniyle, NATO standartlar\u0131nda \u00f6ng\u00f6r\u00fclen performans\u0131 a\u015farak, ini\u015fte kar\u015f\u0131la\u015faca\u011f\u0131 y\u00fckten \u00e7ok fazla y\u00fcklerle test edildi ve bu testleri de ba\u015far\u0131yla ge\u00e7ti.","_tr_post_name":"yuzde-100-yerli-insansiz-hava-araci-karayel","_tr_post_excerpt":"","_tr_post_title":"Y\u00fczde 100 yerli insans\u0131z hava arac\u0131: Karayel","edit_language":"tr"},"categories":[4,7],"tags":[626,627,684,911,1417],"_links":{"self":[{"href":"https:\/\/www.borayildiz.com\/blog\/wp-json\/wp\/v2\/posts\/141"}],"collection":[{"href":"https:\/\/www.borayildiz.com\/blog\/wp-json\/wp\/v2\/posts"}],"about":[{"href":"https:\/\/www.borayildiz.com\/blog\/wp-json\/wp\/v2\/types\/post"}],"author":[{"embeddable":true,"href":"https:\/\/www.borayildiz.com\/blog\/wp-json\/wp\/v2\/users\/1"}],"replies":[{"embeddable":true,"href":"https:\/\/www.borayildiz.com\/blog\/wp-json\/wp\/v2\/comments?post=141"}],"version-history":[{"count":0,"href":"https:\/\/www.borayildiz.com\/blog\/wp-json\/wp\/v2\/posts\/141\/revisions"}],"wp:attachment":[{"href":"https:\/\/www.borayildiz.com\/blog\/wp-json\/wp\/v2\/media?parent=141"}],"wp:term":[{"taxonomy":"category","embeddable":true,"href":"https:\/\/www.borayildiz.com\/blog\/wp-json\/wp\/v2\/categories?post=141"},{"taxonomy":"post_tag","embeddable":true,"href":"https:\/\/www.borayildiz.com\/blog\/wp-json\/wp\/v2\/tags?post=141"}],"curies":[{"name":"wp","href":"https:\/\/api.w.org\/{rel}","templated":true}]}}