{"id":118,"date":"2008-12-05T23:37:00","date_gmt":"2008-12-05T21:37:00","guid":{"rendered":"http:\/\/www.borayildiz.com\/2008\/12\/06\/windows-7-beta-1-geliyor\/"},"modified":"2008-12-05T23:37:00","modified_gmt":"2008-12-05T21:37:00","slug":"windows-7-beta-1-geliyor","status":"publish","type":"post","link":"https:\/\/www.borayildiz.com\/blog\/windows-7-beta-1-geliyor.html","title":{"rendered":"Windows 7 Beta 1 geliyor"},"content":{"rendered":"<p>Microsoft, Windows Vista&#8217;dan sonraki i\u015fletim sistemi Windows 7&#8217;nin ilk \u00f6nizleme s\u00fcr\u00fcm\u00fcn\u00fcn \u015eubat ay\u0131nda da\u011f\u0131t\u0131ma ba\u015flayaca\u011f\u0131n\u0131 a\u00e7\u0131klad\u0131.<\/p>\n<p>Masa\u00fcst\u00fc yaz\u0131l\u0131m devi, yeni i\u015fletim sistemini \u00f6n\u00fcm\u00fczdeki y\u0131l Ocak ay\u0131ndan itibaren yap\u0131lacak MSDN (Microsoft Developer Network \/ Microsoft Geli\u015ftirici A\u011f\u0131) konferanslar\u0131nda \u00fcr\u00fcn\u00fcn ilk deneme s\u00fcr\u00fcmlerinin geli\u015ftiricilere da\u011f\u0131t\u0131laca\u011f\u0131n\u0131 a\u00e7\u0131klad\u0131.<\/p>\n<p>Microsoft&#8217;un MSDN konferans kat\u0131l\u0131mc\u0131lar\u0131na verilecekler listesinde bulunan Windows 7 Beta (\u00f6nizleme) DVD&#8217;si firman\u0131n Windows Vista&#8217;n\u0131n yol haritas\u0131nda ya\u015fad\u0131\u011f\u0131 aksakl\u0131\u011f\u0131 yeni s\u00fcr\u00fcmde ya\u015famak istemedi\u011fini ortaya koydu.<\/p>\n<p>Microsoft \u00e7al\u0131\u015fanlar\u0131 Bob Familiar ve Keith Combs yay\u0131nlad\u0131klar\u0131 e-g\u00fcnl\u00fcklerinde \u00fcr\u00fcn\u00fcn Ocak ay\u0131ndaki konferansa yeti\u015fmeyece\u011fini ancak, \u015eubat ay\u0131ndan itibaren kat\u0131l\u0131mc\u0131lara elden da\u011f\u0131t\u0131lmas\u0131n\u0131n m\u00fcmk\u00fcn oldu\u011funu belirtiyor.<\/p>\n<p>Microsoft, MSDN konferanslar\u0131n\u0131n kat\u0131l\u0131mc\u0131lar\u0131na, \u00fcr\u00fcn\u00fcn konferans tarihine yeti\u015ftirilmemi\u015f olmas\u0131 durumunda haz\u0131r oldu\u011fu zaman posta ile teslim edilece\u011fini taahh\u00fct ediyor.<\/p>\n","protected":false},"excerpt":{"rendered":"<p>Microsoft, Windows Vista&#8217;dan sonraki i\u015fletim sistemi Windows 7&#8217;nin ilk \u00f6nizleme s\u00fcr\u00fcm\u00fcn\u00fcn \u015eubat ay\u0131nda da\u011f\u0131t\u0131ma ba\u015flayaca\u011f\u0131n\u0131 a\u00e7\u0131klad\u0131. Masa\u00fcst\u00fc yaz\u0131l\u0131m devi, yeni i\u015fletim sistemini \u00f6n\u00fcm\u00fczdeki y\u0131l Ocak ay\u0131ndan itibaren yap\u0131lacak MSDN (Microsoft Developer Network \/ Microsoft Geli\u015ftirici A\u011f\u0131) konferanslar\u0131nda \u00fcr\u00fcn\u00fcn ilk deneme s\u00fcr\u00fcmlerinin geli\u015ftiricilere da\u011f\u0131t\u0131laca\u011f\u0131n\u0131 a\u00e7\u0131klad\u0131. Microsoft&#8217;un MSDN konferans kat\u0131l\u0131mc\u0131lar\u0131na verilecekler listesinde bulunan Windows 7 Beta (\u00f6nizleme) [&hellip;]<\/p>\n","protected":false},"author":1,"featured_media":0,"comment_status":"open","ping_status":"open","sticky":false,"template":"","format":"standard","meta":{"_en_post_content":"","_en_post_name":"","_en_post_excerpt":"","_en_post_title":"","_tr_post_content":"Microsoft, Windows Vista'dan sonraki i\u015fletim sistemi Windows 7'nin ilk \u00f6nizleme s\u00fcr\u00fcm\u00fcn\u00fcn \u015eubat ay\u0131nda da\u011f\u0131t\u0131ma ba\u015flayaca\u011f\u0131n\u0131 a\u00e7\u0131klad\u0131.\n\nMasa\u00fcst\u00fc yaz\u0131l\u0131m devi, yeni i\u015fletim sistemini \u00f6n\u00fcm\u00fczdeki y\u0131l Ocak ay\u0131ndan itibaren yap\u0131lacak MSDN (Microsoft Developer Network \/ Microsoft Geli\u015ftirici A\u011f\u0131) konferanslar\u0131nda \u00fcr\u00fcn\u00fcn ilk deneme s\u00fcr\u00fcmlerinin geli\u015ftiricilere da\u011f\u0131t\u0131laca\u011f\u0131n\u0131 a\u00e7\u0131klad\u0131.\n\nMicrosoft'un MSDN konferans kat\u0131l\u0131mc\u0131lar\u0131na verilecekler listesinde bulunan Windows 7 Beta (\u00f6nizleme) DVD'si firman\u0131n Windows Vista'n\u0131n yol haritas\u0131nda ya\u015fad\u0131\u011f\u0131 aksakl\u0131\u011f\u0131 yeni s\u00fcr\u00fcmde ya\u015famak istemedi\u011fini ortaya koydu.\n\nMicrosoft \u00e7al\u0131\u015fanlar\u0131 Bob Familiar ve Keith Combs yay\u0131nlad\u0131klar\u0131 e-g\u00fcnl\u00fcklerinde \u00fcr\u00fcn\u00fcn Ocak ay\u0131ndaki konferansa yeti\u015fmeyece\u011fini ancak, \u015eubat ay\u0131ndan itibaren kat\u0131l\u0131mc\u0131lara elden da\u011f\u0131t\u0131lmas\u0131n\u0131n m\u00fcmk\u00fcn oldu\u011funu belirtiyor.\n\nMicrosoft, MSDN konferanslar\u0131n\u0131n kat\u0131l\u0131mc\u0131lar\u0131na, \u00fcr\u00fcn\u00fcn konferans tarihine yeti\u015ftirilmemi\u015f olmas\u0131 durumunda haz\u0131r oldu\u011fu zaman posta ile teslim edilece\u011fini taahh\u00fct ediyor.","_tr_post_name":"windows-7-beta-1-geliyor","_tr_post_excerpt":"","_tr_post_title":"Windows 7 Beta 1 geliyor","edit_language":"tr"},"categories":[7,13],"tags":[893,1464,1471,1472,1506],"_links":{"self":[{"href":"https:\/\/www.borayildiz.com\/blog\/wp-json\/wp\/v2\/posts\/118"}],"collection":[{"href":"https:\/\/www.borayildiz.com\/blog\/wp-json\/wp\/v2\/posts"}],"about":[{"href":"https:\/\/www.borayildiz.com\/blog\/wp-json\/wp\/v2\/types\/post"}],"author":[{"embeddable":true,"href":"https:\/\/www.borayildiz.com\/blog\/wp-json\/wp\/v2\/users\/1"}],"replies":[{"embeddable":true,"href":"https:\/\/www.borayildiz.com\/blog\/wp-json\/wp\/v2\/comments?post=118"}],"version-history":[{"count":0,"href":"https:\/\/www.borayildiz.com\/blog\/wp-json\/wp\/v2\/posts\/118\/revisions"}],"wp:attachment":[{"href":"https:\/\/www.borayildiz.com\/blog\/wp-json\/wp\/v2\/media?parent=118"}],"wp:term":[{"taxonomy":"category","embeddable":true,"href":"https:\/\/www.borayildiz.com\/blog\/wp-json\/wp\/v2\/categories?post=118"},{"taxonomy":"post_tag","embeddable":true,"href":"https:\/\/www.borayildiz.com\/blog\/wp-json\/wp\/v2\/tags?post=118"}],"curies":[{"name":"wp","href":"https:\/\/api.w.org\/{rel}","templated":true}]}}