{"id":886,"date":"2010-01-26T14:26:44","date_gmt":"2010-01-26T11:26:44","guid":{"rendered":"http:\/\/www.borayildiz.com\/contents\/blog\/?p=886"},"modified":"2019-03-08T21:18:57","modified_gmt":"2019-03-08T18:18:57","slug":"","status":"publish","type":"post","link":"https:\/\/www.borayildiz.com\/blog\/en\/steve-ballmer-a-macbook-pro-uzatilirsa.html","title":{"rendered":"","raw":""},"content":{"rendered":"","protected":false,"raw":""},"excerpt":{"rendered":"","protected":false,"raw":""},"author":1,"featured_media":0,"comment_status":"open","ping_status":"open","sticky":false,"template":"","format":"standard","meta":{"_en_post_content":"","_en_post_name":"","_en_post_excerpt":"","_en_post_title":"","_tr_post_content":"Microsoft'un patronu Steve Ballmer; di\u011fer pek \u00e7ok \u015feyin yan\u0131nda, rakibi Apple'\u0131n \u00fcr\u00fcn\u00fc iPhone'u g\u00f6rd\u00fc\u011f\u00fcnde yere atmas\u0131yla \u00fcnl\u00fc.\n\nNashville'de Trevecca Nazarene \u00dcniversitesi'ni ziyaret eden Steve Ballmer'\u0131n ba\u015f\u0131na herkesi terleten bir olay geldi. Bir \u00f6\u011frenci, Apple MacBook Pro'sunu, Microsoft'un CEO'suna uzat\u0131p imzas\u0131n\u0131 istedi!\n\nBelki de sadece bir an i\u00e7in, oradaki herkes Steve Ballmer'\u0131n MacBook Pro'yu par\u00e7alamas\u0131n\u0131 beklediyse de bu ger\u00e7ekle\u015fmedi. \u0130zleyenler Ballmer'\u0131n kahkahas\u0131yla \u00e7ok \u015fa\u015f\u0131rd\u0131. \u00d6\u011frenci de bu arada \"Valla i\u00e7ince Windows kurulu\" diyerek Ballmer'\u0131 ve oradaki herkesi bir daha g\u00fcld\u00fcrd\u00fc.\n\nBallmer eline kalemi al\u0131p, g\u00fcler y\u00fczle tam da Apple logosunun \u00fczerine kocaman bir imza att\u0131. Bir de not d\u00fc\u015ft\u00fc: \"Need a new one?\" yani \"Yeni bir tane mi laz\u0131m?\" Ballmer k\u0131zmad\u0131, k\u0131rmad\u0131, ba\u011f\u0131rmad\u0131 ve gayet olumlu ve g\u00fcler y\u00fczl\u00fc bir \u015fekilde \u00f6\u011frenciye MacBook Pro'sunu geri verdi.\n\nKaynak: chip.com.tr\n\n<object classid=\"clsid:d27cdb6e-ae6d-11cf-96b8-444553540000\" width=\"640\" height=\"385\" codebase=\"http:\/\/download.macromedia.com\/pub\/shockwave\/cabs\/flash\/swflash.cab#version=6,0,40,0\"><param name=\"allowFullScreen\" value=\"true\" \/><param name=\"allowscriptaccess\" value=\"always\" \/><param name=\"src\" value=\"http:\/\/www.youtube.com\/v\/s2VFo2yY058&amp;hl=en_US&amp;fs=1&amp;\" \/><param name=\"allowfullscreen\" value=\"true\" \/><embed type=\"application\/x-shockwave-flash\" width=\"640\" height=\"385\" src=\"http:\/\/www.youtube.com\/v\/s2VFo2yY058&amp;hl=en_US&amp;fs=1&amp;\" allowscriptaccess=\"always\" allowfullscreen=\"true\"><\/embed><\/object>","_tr_post_name":"steve-ballmer-a-macbook-pro-uzatilirsa","_tr_post_excerpt":"","_tr_post_title":"Steve Ballmer\u2019 a MacBook Pro Uzat\u0131l\u0131rsa","edit_language":"en"},"categories":[10],"tags":[136,758,1601,800,1249],"_links":{"self":[{"href":"https:\/\/www.borayildiz.com\/blog\/en\/wp-json\/wp\/v2\/posts\/886"}],"collection":[{"href":"https:\/\/www.borayildiz.com\/blog\/en\/wp-json\/wp\/v2\/posts"}],"about":[{"href":"https:\/\/www.borayildiz.com\/blog\/en\/wp-json\/wp\/v2\/types\/post"}],"author":[{"embeddable":true,"href":"https:\/\/www.borayildiz.com\/blog\/en\/wp-json\/wp\/v2\/users\/1"}],"replies":[{"embeddable":true,"href":"https:\/\/www.borayildiz.com\/blog\/en\/wp-json\/wp\/v2\/comments?post=886"}],"version-history":[{"count":1,"href":"https:\/\/www.borayildiz.com\/blog\/en\/wp-json\/wp\/v2\/posts\/886\/revisions"}],"predecessor-version":[{"id":1241,"href":"https:\/\/www.borayildiz.com\/blog\/en\/wp-json\/wp\/v2\/posts\/886\/revisions\/1241"}],"wp:attachment":[{"href":"https:\/\/www.borayildiz.com\/blog\/en\/wp-json\/wp\/v2\/media?parent=886"}],"wp:term":[{"taxonomy":"category","embeddable":true,"href":"https:\/\/www.borayildiz.com\/blog\/en\/wp-json\/wp\/v2\/categories?post=886"},{"taxonomy":"post_tag","embeddable":true,"href":"https:\/\/www.borayildiz.com\/blog\/en\/wp-json\/wp\/v2\/tags?post=886"}],"curies":[{"name":"wp","href":"https:\/\/api.w.org\/{rel}","templated":true}]}}