{"id":738,"date":"2010-04-05T16:58:00","date_gmt":"2010-04-05T13:58:00","guid":{"rendered":"http:\/\/www.borayildiz.com\/contents\/ipucu\/microsoft-outlook-zerinden-sosyal-aglara-baglanin.html\/"},"modified":"2019-03-08T21:00:19","modified_gmt":"2019-03-08T18:00:19","slug":"","status":"publish","type":"post","link":"https:\/\/www.borayildiz.com\/blog\/en\/microsoft-outlook-zerinden-sosyal-aglara-baglanin.html","title":{"rendered":"","raw":""},"content":{"rendered":"","protected":false,"raw":""},"excerpt":{"rendered":"","protected":false,"raw":""},"author":1,"featured_media":0,"comment_status":"open","ping_status":"open","sticky":false,"template":"","format":"standard","meta":{"_en_post_content":"","_en_post_name":"","_en_post_excerpt":"","_en_post_title":"","_tr_post_content":"<p align=\"justify\">Outlook 2010 kullan\u0131c\u0131lar\u0131 d\u00fcnyan\u0131n \u00f6nde gelen sanal i\u015f a\u011f\u0131ndaki ki\u015fisel ba\u011flant\u0131lara h\u0131zl\u0131 eri\u015fim sa\u011flayacak<\/p>  <p align=\"justify\">Microsoft, Haziran ay\u0131nda piyasaya \u00e7\u0131kmas\u0131 beklenen e-posta ve ajanda yaz\u0131l\u0131m\u0131 Outlook 2010\u2019u sosyal ya\u015fam\u0131n merkezi haline getiriyor. Outlook\u2019un yeni s\u00fcr\u00fcm\u00fc ile gelen Outlook Social Connector eklentisi, bireylerin sanal topluluk a\u011flar\u0131ndaki ki\u015fisel ba\u011flant\u0131lar\u0131na tek bir noktadan eri\u015fim sa\u011flamay\u0131 hedefliyor. D\u00fcnyan\u0131n \u00f6nde gelen sanal topluluk siteleriyle g\u00f6r\u00fc\u015fmelerini s\u00fcrd\u00fcren Microsoft, Social Connector\u2019\u0131 i\u015f topluluklar\u0131na \u00fcye olan Outlook kullan\u0131c\u0131lar\u0131 i\u00e7in vazge\u00e7ilmez bir ara\u00e7 haline geliyor. Facebook, MySpace, XING ve Linkedln sanal topluluk sitelerine \u00fcye olanlar, bu sitelerdeki t\u00fcm ba\u011flant\u0131lar\u0131n\u0131 ve etkinlikleri Outlook 2010 beta \u00fczerinden kolayca takip edebilecek.<\/p>  <p align=\"justify\">\u0130\u015f d\u00fcnyas\u0131n\u0131n profesyonelleri ve giri\u015fimciler i\u00e7in iki \u00f6nemli web adresi olan Linkedln ve XING, tan\u0131\u015fma, kariyer veya i\u015f ama\u00e7l\u0131 ili\u015fkiler geli\u015ftirmek isteyen milyonlarca ki\u015fiye b\u00fcy\u00fck bir potansiyel sunuyor.\u00d6rne\u011fin, Almanya merkezli XING d\u00fcnyan\u0131n \u00f6nde gelen kurumlar\u0131ndan giri\u015fimci ve profesyoneller olmak \u00fczere 8 milyonu a\u015fk\u0131n \u00fcyesiyle devasa bir i\u015f toplulu\u011funu olu\u015fturuyor. Site \u00fczerinden kurulan i\u015f ba\u011flant\u0131lar\u0131, bireylerin yeni i\u015f f\u0131rsatlar\u0131n\u0131 de\u011ferlendirmelerine veya kariyerlerinde de\u011fi\u015fiklik yapmalar\u0131na destek olurken, \u00e7e\u015fitli sekt\u00f6rlerden ve uzmanl\u0131k alanlar\u0131ndan \u00fcyelerin olu\u015fturdu\u011fu forumlar, kendi alan\u0131nda ilerlemek isteyenler i\u00e7in zengin bir tart\u0131\u015fma platformu yarat\u0131yor.<\/p>  <p align=\"justify\">Social Connector\u2019\u00fcn beta s\u00fcr\u00fcm\u00fcn\u00fc indiren Outlook 2010 beta kullan\u0131c\u0131lar\u0131 \u015fu anda MySpace ve Linkedln profillerine eri\u015febiliyor. Facebook ve XING\u2019in Social Connector eklentisinin ise \u00f6n\u00fcm\u00fczdeki haziran ay\u0131nda piyasaya \u00e7\u0131kmas\u0131 beklenen Microsoft Outlook 2010 ile birlikte gelmesi bekleniyor.<\/p>  <p align=\"justify\"><strong>Social Connector ne avantaj sa\u011fl\u0131yor?<\/strong><\/p>  <p align=\"justify\">Outlook Social Connector eklentisi sayesinde Outlook kullan\u0131c\u0131lar\u0131, Facebook, Myspace, Linkedln ve XING gibi sanal topluluk a\u011flar\u0131ndaki ki\u015fisel profilleriyle s\u00fcrekli ba\u011flant\u0131da kalma f\u0131rsat\u0131 elde ediyor. Kullan\u0131c\u0131lar bu topluluklardaki ba\u011flant\u0131lar\u0131n\u0131n ileti\u015fim bilgilerine, foto\u011fraflar\u0131na ve de\u011fi\u015fen pozisyonlar\u0131na an\u0131nda eri\u015firken, bu ortamlarda \u00fcyesi olduklar\u0131 gruplar\u0131n ve forumlarda ger\u00e7ekle\u015fen ileti\u015fimi de yine Outlook\u2019tan ayr\u0131lmadan izleyebiliyor, s\u00fcren ileti\u015fime katk\u0131da bulunabiliyorlar.<\/p>  <p align=\"justify\">Outlook Social Connector, \u00f6rne\u011fin XING profillerindeki ba\u011flant\u0131lar\u0131n\u0131n cep telefonu vb. ileti\u015fim bilgilerinde ger\u00e7ekle\u015fen de\u011fi\u015fiklikleri an\u0131nda haber verirken, bu eklentiyi kullananlar\u0131n izinleri dahilinde kullan\u0131c\u0131lar isterlerse arkada\u015flar\u0131n\u0131n Outlook ba\u011flant\u0131lar\u0131n\u0131 da kendi yaz\u0131l\u0131mlar\u0131 \u00fczerinden, kendi ki\u015fisel a\u011flar\u0131na ekleyebiliyor.    <br \/>Outlook 2003 ve Outlook 2007 ile de uyumlu olan Outlook Social Connector\u2019e bu adresten eri\u015febilirsiniz.<\/p>  <p align=\"justify\"><a href=\"http:\/\/www.microsoft.com\/downloads\/details.aspx?displaylang=en&amp;FamilyID=c87e257c-d76f-4785-a09b-af36babd6e32\">http:\/\/www.microsoft.com\/downloads\/details.aspx?displaylang=en&amp;FamilyID=c87e257c-d76f-4785-a09b-af36babd6e32<\/a><\/p>  <p align=\"justify\">Kaynak: Computerworld<\/p>","_tr_post_name":"microsoft-outlook-zerinden-sosyal-aglara-baglanin","_tr_post_excerpt":"","_tr_post_title":"Microsoft Outlook \u00fczerinden sosyal a\u011flara ba\u011flan\u0131n","edit_language":"en"},"categories":[13],"tags":[1601,838,966,967,968,969],"_links":{"self":[{"href":"https:\/\/www.borayildiz.com\/blog\/en\/wp-json\/wp\/v2\/posts\/738"}],"collection":[{"href":"https:\/\/www.borayildiz.com\/blog\/en\/wp-json\/wp\/v2\/posts"}],"about":[{"href":"https:\/\/www.borayildiz.com\/blog\/en\/wp-json\/wp\/v2\/types\/post"}],"author":[{"embeddable":true,"href":"https:\/\/www.borayildiz.com\/blog\/en\/wp-json\/wp\/v2\/users\/1"}],"replies":[{"embeddable":true,"href":"https:\/\/www.borayildiz.com\/blog\/en\/wp-json\/wp\/v2\/comments?post=738"}],"version-history":[{"count":1,"href":"https:\/\/www.borayildiz.com\/blog\/en\/wp-json\/wp\/v2\/posts\/738\/revisions"}],"predecessor-version":[{"id":1020,"href":"https:\/\/www.borayildiz.com\/blog\/en\/wp-json\/wp\/v2\/posts\/738\/revisions\/1020"}],"wp:attachment":[{"href":"https:\/\/www.borayildiz.com\/blog\/en\/wp-json\/wp\/v2\/media?parent=738"}],"wp:term":[{"taxonomy":"category","embeddable":true,"href":"https:\/\/www.borayildiz.com\/blog\/en\/wp-json\/wp\/v2\/categories?post=738"},{"taxonomy":"post_tag","embeddable":true,"href":"https:\/\/www.borayildiz.com\/blog\/en\/wp-json\/wp\/v2\/tags?post=738"}],"curies":[{"name":"wp","href":"https:\/\/api.w.org\/{rel}","templated":true}]}}