{"id":211,"date":"2009-02-18T00:32:32","date_gmt":"2009-02-17T22:32:32","guid":{"rendered":"http:\/\/www.borayildiz.com\/?p=211"},"modified":"2009-02-18T00:32:32","modified_gmt":"2009-02-17T22:32:32","slug":"","status":"publish","type":"post","link":"https:\/\/www.borayildiz.com\/blog\/en\/tum-telefonlara-tek-tip-sarj-aleti.html","title":{"rendered":"","raw":""},"content":{"rendered":"","protected":false,"raw":""},"excerpt":{"rendered":"","protected":false,"raw":""},"author":1,"featured_media":0,"comment_status":"open","ping_status":"open","sticky":false,"template":"","format":"standard","meta":{"_en_post_content":"","_en_post_name":"","_en_post_excerpt":"","_en_post_title":"","_tr_post_content":"Mobil D\u00fcnya Kongresi\u2019nde bu y\u0131l al\u0131nan kararlardan biri cep telefonlar\u0131n\u0131n \u015farj aleti karma\u015fas\u0131na son verecek.\n\nAralar\u0131nda Samsung, Motorola ve Nokia\u2019n\u0131n da bulundu\u011fu 17 telefon \u00fcreticisi, Barselona\u2019da ger\u00e7ekle\u015ftirilen Mobil D\u00fcnya Kongresi (Mobile World Congress) dahilinde yapt\u0131klar\u0131 a\u00e7\u0131klamayla 2012 y\u0131l\u0131na kadar \u00fcretilen t\u00fcm telefon modelleri i\u00e7in tek tip \u015farj aleti kullan\u0131m\u0131na ba\u015flayacaklar\u0131n\u0131 a\u00e7\u0131klad\u0131.\n\nBaz\u0131 telefon \u00fcreticilerinin kendi modelleri aras\u0131nda bile farkl\u0131l\u0131k g\u00f6steren telefon \u015farj aletleri t\u00fcketicinin akl\u0131n\u0131 en \u00e7ok kar\u0131\u015ft\u0131ran konu. \u00d6zellikle n\u00fcfusu kalabal\u0131k ailelerin evlerinde telefon \u015farj aletlerinin kar\u0131\u015f\u0131kl\u0131k yaratt\u0131\u011f\u0131na dikkat \u00e7eken uzmanlar, geli\u015ftirilecek tek tip \u015farj aletinin t\u00fcm \u015firketlerin ortak ara\u015ft\u0131rma geli\u015ftirme faaliyetleri sayesinde hem daha verimli elektrik kullan\u0131m\u0131na olanak tan\u0131yaca\u011f\u0131 hem de farkl\u0131 modellerde olu\u015fan karga\u015fay\u0131 \u00f6nleyece\u011fini ifade ediyor.\n\nAB \u00fclkelerinde farkl\u0131 model ve markalardan g\u00fcncel telefonlar\u0131n 30 farkl\u0131 \u015farj aleti kullan\u0131l\u0131yor. Bu cihazlar enerji verimlili\u011fi de\u011ferleri de modelden modele farkl\u0131l\u0131k g\u00f6steriyor. Geli\u015ftirilecek tek tip \u015farj aleti sayesinde uzmanlar 51 bin tondan fazla elektronik \u00e7\u00f6pl\u00fc\u011f\u00fcn engellenece\u011fini tahmin ediyor.\n\nPiyasadaki \u015farj aletlerinin, telefondan \u00e7ekilse bile prizde b\u0131rak\u0131lmas\u0131 halinde \u015farj esnas\u0131ndaki gibi enerji t\u00fcketti\u011fini hat\u0131rlatan uzmanlar, geli\u015ftirilecek yeni bir standart sayesinde bu durumun da \u00f6n\u00fcne ge\u00e7ilebilece\u011fini ifade ediyor.\n\n2012 y\u0131l\u0131 itibariyle kullan\u0131lmas\u0131 d\u00fc\u015f\u00fcn\u00fclen tek tip \u015farj aletinin miniUSB giri\u015finden kullan\u0131labilece\u011fi belirtiliyor. Bu sayede, g\u00fcn\u00fcm\u00fczde zaten bir standart haline gelmi\u015f olan USB ba\u011flant\u0131 noktas\u0131, ayn\u0131 zamanda telefonlar\u0131n \u015farj edilmesi i\u00e7in bir giri\u015f olarak kullan\u0131lacak.\n\nKaynak: http:\/\/www.ntvmsnbc.com","_tr_post_name":"tum-telefonlara-tek-tip-sarj-aleti","_tr_post_excerpt":"","_tr_post_title":"T\u00fcm telefonlara tek tip \u015farj aleti","edit_language":"en"},"categories":[7],"tags":[229,232,861,863],"_links":{"self":[{"href":"https:\/\/www.borayildiz.com\/blog\/en\/wp-json\/wp\/v2\/posts\/211"}],"collection":[{"href":"https:\/\/www.borayildiz.com\/blog\/en\/wp-json\/wp\/v2\/posts"}],"about":[{"href":"https:\/\/www.borayildiz.com\/blog\/en\/wp-json\/wp\/v2\/types\/post"}],"author":[{"embeddable":true,"href":"https:\/\/www.borayildiz.com\/blog\/en\/wp-json\/wp\/v2\/users\/1"}],"replies":[{"embeddable":true,"href":"https:\/\/www.borayildiz.com\/blog\/en\/wp-json\/wp\/v2\/comments?post=211"}],"version-history":[{"count":0,"href":"https:\/\/www.borayildiz.com\/blog\/en\/wp-json\/wp\/v2\/posts\/211\/revisions"}],"wp:attachment":[{"href":"https:\/\/www.borayildiz.com\/blog\/en\/wp-json\/wp\/v2\/media?parent=211"}],"wp:term":[{"taxonomy":"category","embeddable":true,"href":"https:\/\/www.borayildiz.com\/blog\/en\/wp-json\/wp\/v2\/categories?post=211"},{"taxonomy":"post_tag","embeddable":true,"href":"https:\/\/www.borayildiz.com\/blog\/en\/wp-json\/wp\/v2\/tags?post=211"}],"curies":[{"name":"wp","href":"https:\/\/api.w.org\/{rel}","templated":true}]}}