{"id":15,"date":"2010-01-27T10:27:00","date_gmt":"2010-01-27T08:27:00","guid":{"rendered":"http:\/\/www.borayildiz.com\/contents\/blog\/bilgisayar-dehasi-marko-calasan.html"},"modified":"2010-01-27T10:27:00","modified_gmt":"2010-01-27T08:27:00","slug":"","status":"publish","type":"post","link":"https:\/\/www.borayildiz.com\/blog\/en\/bilgisayar-dehasi-marko-calasan.html","title":{"rendered":"","raw":""},"content":{"rendered":"","protected":false,"raw":""},"excerpt":{"rendered":"","protected":false,"raw":""},"author":1,"featured_media":0,"comment_status":"open","ping_status":"open","sticky":false,"template":"","format":"standard","meta":{"_en_post_content":"","_en_post_name":"","_en_post_excerpt":"","_en_post_title":"","_tr_post_content":"<p align=\"justify\">Makedonyal\u0131 Marko Calasan sadece 9 ya\u015f\u0131nda ama bir oda dolusu bilgisayar uzman\u0131na konferans veriyor!<\/p>  <p align=\"justify\">Asl\u0131nda Marko'nun ad\u0131n\u0131 daha \u00f6nce duymu\u015f olabilirsiniz \u00e7\u00fcnk\u00fc kendisi 6 ya\u015f\u0131ndayken Microcoft'un Sistem Y\u00f6neticili\u011fi (Microsoft Certified Systems Administrator) sertifikas\u0131n\u0131 alarak b\u00fcy\u00fck bir ba\u015far\u0131ya imza atm\u0131\u015ft\u0131. Ge\u00e7en ay bu ba\u015far\u0131s\u0131n\u0131 bir basamak daha yukar\u0131 ta\u015f\u0131d\u0131 ve Microsoft Certified Systems Engineer sertifikas\u0131 alarak d\u00fcnyan\u0131n en gen\u00e7 Sistem M\u00fchendisi oldu.<\/p>  <p align=\"justify\"><a href=\"http:\/\/www.borayildiz.com\/wp-content\/uploads\/BilgisayarDehasMarkoCalasan_CB48\/marko_at_microsoft_edited_540x405.jpg\"><img style=\"border-right-width: 0px; display: inline; border-top-width: 0px; border-bottom-width: 0px; border-left-width: 0px\" title=\"marko_at_microsoft_edited_540x405\" border=\"0\" alt=\"marko_at_microsoft_edited_540x405\" src=\"http:\/\/www.borayildiz.com\/wp-content\/uploads\/BilgisayarDehasMarkoCalasan_CB48\/marko_at_microsoft_edited_540x405_thumb.jpg\" width=\"609\" height=\"458\" \/><\/a><\/p>  <p align=\"justify\">Microsoft'un Slovenya ofisi genel m\u00fcd\u00fcr\u00fc Matej Potokar, Marko'nun Slovenya'n\u0131n ba\u015fkenti Ljubljana'ya gelece\u011fini \u00f6\u011frendi\u011finde kendisiyle tan\u0131\u015fmak ve ekibine tan\u0131tmak i\u00e7in hemen bir organizasyon d\u00fczenlemi\u015f. Marko'da bu iste\u011fi k\u0131rmayarak Microsoft ofisine gitmi\u015f ve Active Directory ile ilgili Microsfot \u00e7al\u0131\u015fanlar\u0131na bir sunum yapm\u0131\u015f.<\/p>  <p align=\"justify\">Marko, Microsoft'un Slovenya ofisinde sunum yap\u0131yor.<\/p>  <p align=\"justify\">Marko'nun bilgisine ve sunum yetene\u011fine hayran kalan Potokar yapt\u0131\u011f\u0131 a\u00e7\u0131klamada &quot;Bu kadar e\u011fitimin aras\u0131nda bilgisayarlardan sonra ikinci a\u015fk\u0131 olan futbola da vakit ay\u0131rabilmesini umuyorum&quot; \u015feklinde konu\u015ftu.<\/p>  <p align=\"justify\">Kaynak: cnet<\/p>","_tr_post_name":"bilgisayar-dehasi-marko-calasan","_tr_post_excerpt":"","_tr_post_title":"Bilgisayar Dehas\u0131 Marko Calasan","edit_language":"en"},"categories":[13],"tags":[774,789,1601,802,803,1200],"_links":{"self":[{"href":"https:\/\/www.borayildiz.com\/blog\/en\/wp-json\/wp\/v2\/posts\/15"}],"collection":[{"href":"https:\/\/www.borayildiz.com\/blog\/en\/wp-json\/wp\/v2\/posts"}],"about":[{"href":"https:\/\/www.borayildiz.com\/blog\/en\/wp-json\/wp\/v2\/types\/post"}],"author":[{"embeddable":true,"href":"https:\/\/www.borayildiz.com\/blog\/en\/wp-json\/wp\/v2\/users\/1"}],"replies":[{"embeddable":true,"href":"https:\/\/www.borayildiz.com\/blog\/en\/wp-json\/wp\/v2\/comments?post=15"}],"version-history":[{"count":0,"href":"https:\/\/www.borayildiz.com\/blog\/en\/wp-json\/wp\/v2\/posts\/15\/revisions"}],"wp:attachment":[{"href":"https:\/\/www.borayildiz.com\/blog\/en\/wp-json\/wp\/v2\/media?parent=15"}],"wp:term":[{"taxonomy":"category","embeddable":true,"href":"https:\/\/www.borayildiz.com\/blog\/en\/wp-json\/wp\/v2\/categories?post=15"},{"taxonomy":"post_tag","embeddable":true,"href":"https:\/\/www.borayildiz.com\/blog\/en\/wp-json\/wp\/v2\/tags?post=15"}],"curies":[{"name":"wp","href":"https:\/\/api.w.org\/{rel}","templated":true}]}}