{"id":138,"date":"2008-12-24T13:20:00","date_gmt":"2008-12-24T11:20:00","guid":{"rendered":"http:\/\/www.borayildiz.com\/2008\/12\/24\/xp-den-yola-devam\/"},"modified":"2008-12-24T13:20:00","modified_gmt":"2008-12-24T11:20:00","slug":"","status":"publish","type":"post","link":"https:\/\/www.borayildiz.com\/blog\/en\/xp-den-yola-devam.html","title":{"rendered":"","raw":""},"content":{"rendered":"","protected":false,"raw":""},"excerpt":{"rendered":"","protected":false,"raw":""},"author":1,"featured_media":0,"comment_status":"open","ping_status":"open","sticky":false,"template":"","format":"standard","meta":{"_en_post_content":"","_en_post_name":"","_en_post_excerpt":"","_en_post_title":"","_tr_post_content":"<p>Microsoft XP' nin piyasada kalma s\u00fcresini yine uzatt\u0131.<\/p> <p>Eyl\u00fcl 2007' de XP' yi \u015eubat 2008' de sat\u0131\u015ftan \u00e7ekece\u011fini a\u00e7\u0131klayan Microsoft daha sonra bu s\u00fcreyi Haziran 2008' e kadar uzatm\u0131\u015ft\u0131. Daha sonra bu s\u00fcre 7 ay daha ileri \u00e7ekilerek Ocak 2009' a al\u0131nm\u0131\u015ft\u0131. Son yap\u0131lan a\u00e7\u0131klmayla birlikte i\u015fletim sisteminin \u00f6mr\u00fcne 4 ay daha eklendi son sat\u0131\u015f tarihinin 30 May\u0131s 2009 oldu\u011fu a\u00e7\u0131kland\u0131.<\/p> <p>Son uzatmalarla birlikte Windows XP 89 ay sat\u0131\u015fta kalm\u0131\u015f olacak.<\/p>","_tr_post_name":"xp-den-yola-devam","_tr_post_excerpt":"","_tr_post_title":"XP' den yola devam...","edit_language":"en"},"categories":[7,13],"tags":[1601,1568],"_links":{"self":[{"href":"https:\/\/www.borayildiz.com\/blog\/en\/wp-json\/wp\/v2\/posts\/138"}],"collection":[{"href":"https:\/\/www.borayildiz.com\/blog\/en\/wp-json\/wp\/v2\/posts"}],"about":[{"href":"https:\/\/www.borayildiz.com\/blog\/en\/wp-json\/wp\/v2\/types\/post"}],"author":[{"embeddable":true,"href":"https:\/\/www.borayildiz.com\/blog\/en\/wp-json\/wp\/v2\/users\/1"}],"replies":[{"embeddable":true,"href":"https:\/\/www.borayildiz.com\/blog\/en\/wp-json\/wp\/v2\/comments?post=138"}],"version-history":[{"count":0,"href":"https:\/\/www.borayildiz.com\/blog\/en\/wp-json\/wp\/v2\/posts\/138\/revisions"}],"wp:attachment":[{"href":"https:\/\/www.borayildiz.com\/blog\/en\/wp-json\/wp\/v2\/media?parent=138"}],"wp:term":[{"taxonomy":"category","embeddable":true,"href":"https:\/\/www.borayildiz.com\/blog\/en\/wp-json\/wp\/v2\/categories?post=138"},{"taxonomy":"post_tag","embeddable":true,"href":"https:\/\/www.borayildiz.com\/blog\/en\/wp-json\/wp\/v2\/tags?post=138"}],"curies":[{"name":"wp","href":"https:\/\/api.w.org\/{rel}","templated":true}]}}